{"id":2115,"date":"2022-09-12T07:07:22","date_gmt":"2022-09-12T05:07:22","guid":{"rendered":"http:\/\/www.schwibura.de\/?p=2115"},"modified":"2022-09-14T13:00:57","modified_gmt":"2022-09-14T11:00:57","slug":"odel-verpflichtet-2022","status":"publish","type":"post","link":"http:\/\/www.schwibura.de\/?p=2115","title":{"rendered":"Odel verpflichtet &#8211; 2022"},"content":{"rendered":"\n<p>\u201eOdel verpflichtet\u201c von Erfolgsautorin Cornelia Willinger hei\u00dft unser diesj\u00e4hriges St\u00fcck. Die Kom\u00f6die in 3 Akten handelt vom sturk\u00f6pfigen Schweinebauern Quirin Gro\u00dfsch\u00e4del und f\u00fchrt in die tiefsten menschlichen Abgr\u00fcnde. Seinen Protagonisten schickt es \u00fcber 90 Minuten auf einen aberwitzigen Schlingerkurs zwischen Rachsucht, Eberbalz und Odelgrube.<\/p>\n\n\n\n<p>Der gr\u00f6\u00dfte Traum des Schweinez\u00fcchters und Bierbrauers Quirin (Sepp Hundmeyer) ist es, ein exklusives Schlosshotel auf der benachbarten Burg zu er\u00f6ffnen. Es scheint nun alles Wirklichkeit zu werden, aber seine rachs\u00fcchtige Ex-Frau Eva (Larissa Bachmaier) bootet in hinterr\u00fccks aus und plant das Projekt Schlosshotel, ohne Ihren Ex-Mann zu er\u00f6ffnen. Quirin boykottiert das Ganze mit allen und seinen ganz eigenen Mitteln. Er macht das Leben seiner Widersacher mit den hinterh\u00e4ltigsten Aktionen zur H\u00f6lle. Welche Rolle die Gr\u00e4fin Odette von Hackenstein und Ihr Sohn Edgar (Martin Linner) dabei spielen und warum dem Pfarrer Hochholzer (Walter Lohr) das schlechte Gewissen dr\u00fcckt, k\u00f6nnen Sie live erleben.<\/p>\n\n\n\n<p>Die Premiere findet am <strong>Samstag, 22.10.2022 um 20 Uhr<\/strong> statt, weitere Termine sind am <strong>Sonntag, 23.10. um 14 Uhr<\/strong>, am <strong>Samstag, 29.10. um 20 Uhr<\/strong> und <strong>Sonntag 30.10. um 14 Uhr + 20 Uhr<\/strong>! Die letzten 2 Auff\u00fchrungen sind dann am <strong>Samstag 05.11. um 20 Uhr<\/strong> und <strong>Sonntag 06.11. um 20 Uhr<\/strong>. Gespielt wird nat\u00fcrlich wieder im B\u00fcrgerhaus!<\/p>\n\n\n\n<p>Regie &amp; Requisiten unter der Leitung von Monika Engel und Janina Mitterhofer-Paetel. Die Bewirtung findet in gewohnter Weise im B\u00fcrgerst\u00fcberl statt. Auf die dann g\u00fcltigen (Hygiene-)Vorschriften wird geachtet.<\/p>\n\n\n\n<p><strong>Kartenreservierung ab 04.10.2022<\/strong> (ab 17 Uhr) unter Tel. 08082\/9483216 bei Stephanie Folger oder per E-Mail info@schwibura.de m\u00f6glich!<br><!-- index.php -->\n<div\n\tclass=\"ngg-galleryoverview ngg-ajax-pagination-none\"\n\tid=\"ngg-gallery-1c5d5da603f0054038cce1467f0ffa91-1\">\n\n    \t\t<!-- Thumbnails -->\n\t\t\t\t<div id=\"ngg-image-0\" class=\"ngg-gallery-thumbnail-box\" >\n\t\t\t\t        <div class=\"ngg-gallery-thumbnail\">\n            <a href=\"http:\/\/www.schwibura.de\/wp\/wp-content\/gallery\/2022-plakat\/Plakat_gruen.png\"\n               title=\"\"\n               data-src=\"http:\/\/www.schwibura.de\/wp\/wp-content\/gallery\/2022-plakat\/Plakat_gruen.png\"\n               data-thumbnail=\"http:\/\/www.schwibura.de\/wp\/wp-content\/gallery\/2022-plakat\/thumbs\/thumbs_Plakat_gruen.png\"\n               data-image-id=\"671\"\n               data-title=\"Plakat_gruen\"\n               data-description=\"\"\n               data-image-slug=\"plakat_gruen\"\n               class=\"ngg-fancybox\" rel=\"1c5d5da603f0054038cce1467f0ffa91\">\n                <img\n                    title=\"Plakat_gruen\"\n                    alt=\"Plakat_gruen\"\n                    src=\"http:\/\/www.schwibura.de\/wp\/wp-content\/gallery\/2022-plakat\/thumbs\/thumbs_Plakat_gruen.png\"\n                    width=\"100\"\n                    height=\"75\"\n                    style=\"max-width:100%;\"\n                \/>\n            <\/a>\n        <\/div>\n\t\t\t\t\t\t\t<\/div> \n\t\t\t\n        \n\t\t\n\t\t<div class=\"ngg-clear\"><\/div>\n\t<\/div>\n<\/p>\n","protected":false},"excerpt":{"rendered":"<p>\u201eOdel verpflichtet\u201c von Erfolgsautorin Cornelia Willinger hei\u00dft unser diesj\u00e4hriges St\u00fcck. Die Kom\u00f6die in 3 Akten handelt vom sturk\u00f6pfigen Schweinebauern Quirin Gro\u00dfsch\u00e4del und f\u00fchrt in die tiefsten menschlichen Abgr\u00fcnde. Seinen Protagonisten schickt es \u00fcber 90 Minuten auf einen aberwitzigen Schlingerkurs zwischen Rachsucht, Eberbalz und Odelgrube. Der gr\u00f6\u00dfte Traum des Schweinez\u00fcchters und Bierbrauers Quirin (Sepp Hundmeyer) ist [&hellip;]<\/p>\n","protected":false},"author":2,"featured_media":0,"comment_status":"closed","ping_status":"closed","sticky":false,"template":"","format":"standard","meta":{"ngg_post_thumbnail":0},"categories":[42,1,19],"tags":[],"_links":{"self":[{"href":"http:\/\/www.schwibura.de\/index.php?rest_route=\/wp\/v2\/posts\/2115"}],"collection":[{"href":"http:\/\/www.schwibura.de\/index.php?rest_route=\/wp\/v2\/posts"}],"about":[{"href":"http:\/\/www.schwibura.de\/index.php?rest_route=\/wp\/v2\/types\/post"}],"author":[{"embeddable":true,"href":"http:\/\/www.schwibura.de\/index.php?rest_route=\/wp\/v2\/users\/2"}],"replies":[{"embeddable":true,"href":"http:\/\/www.schwibura.de\/index.php?rest_route=%2Fwp%2Fv2%2Fcomments&post=2115"}],"version-history":[{"count":3,"href":"http:\/\/www.schwibura.de\/index.php?rest_route=\/wp\/v2\/posts\/2115\/revisions"}],"predecessor-version":[{"id":2126,"href":"http:\/\/www.schwibura.de\/index.php?rest_route=\/wp\/v2\/posts\/2115\/revisions\/2126"}],"wp:attachment":[{"href":"http:\/\/www.schwibura.de\/index.php?rest_route=%2Fwp%2Fv2%2Fmedia&parent=2115"}],"wp:term":[{"taxonomy":"category","embeddable":true,"href":"http:\/\/www.schwibura.de\/index.php?rest_route=%2Fwp%2Fv2%2Fcategories&post=2115"},{"taxonomy":"post_tag","embeddable":true,"href":"http:\/\/www.schwibura.de\/index.php?rest_route=%2Fwp%2Fv2%2Ftags&post=2115"}],"curies":[{"name":"wp","href":"https:\/\/api.w.org\/{rel}","templated":true}]}}